{"id":2892,"date":"2014-07-01T04:31:15","date_gmt":"2014-07-01T02:31:15","guid":{"rendered":"https:\/\/wolkenhart.com\/webdesignblog\/?p=2892"},"modified":"2014-06-29T20:41:10","modified_gmt":"2014-06-29T18:41:10","slug":"webtalk-blog-feiert-1-jaehriges","status":"publish","type":"post","link":"https:\/\/wolkenhart.com\/webdesignblog\/webtalk-blog-feiert-1-jaehriges","title":{"rendered":"Webtalk Blog feiert 1-J\u00e4hriges"},"content":{"rendered":"<p>Der Webtalk Blog feiert seinen 1-j\u00e4hrigen Geburtstag oder er h\u00e4tte ihn feiern sollen. Leider habe ich den Termin am 15. Juni total verpasst. Es ist einfach unglaublich, wie schnell die Zeit vergeht.<\/p>\n<p><strong>Hier seht ihr eine Zusammenfassung, was sich in diesem Jahr auf Webtalk Blog alles getan hat:<\/strong><\/p>\n<h2>Die Beitr\u00e4ge des Webtalk Blogs<\/h2>\n<p>Es entstanden in diesem ersten Jahr 133 Beitr\u00e4ge in 24 Kategorien mit 147 Tags.<\/p>\n<h3>Die beliebtesten Beitr\u00e4ge<\/h3>\n<p><img loading=\"lazy\" decoding=\"async\" src=\"https:\/\/wolkenhart.com\/webdesignblog\/wp-content\/uploads\/2014\/06\/Die-beliebtesten-Beitr\u00e4ge.jpg\" alt=\"Die beliebtesten Beitr\u00e4ge auf Webtalk\" width=\"800\" height=\"469\" class=\"alignleft size-full wp-image-2897\" srcset=\"https:\/\/wolkenhart.com\/webdesignblog\/wp-content\/uploads\/2014\/06\/Die-beliebtesten-Beitr\u00e4ge.jpg 800w, https:\/\/wolkenhart.com\/webdesignblog\/wp-content\/uploads\/2014\/06\/Die-beliebtesten-Beitr\u00e4ge-300x175.jpg 300w, https:\/\/wolkenhart.com\/webdesignblog\/wp-content\/uploads\/2014\/06\/Die-beliebtesten-Beitr\u00e4ge-575x337.jpg 575w\" sizes=\"auto, (max-width: 800px) 100vw, 800px\" \/><\/p>\n<p>30 Responsive Webdesign Beispiele: <a href=\"https:\/\/wolkenhart.com\/webdesignblog\/responsive-webdesign-beispiele\" title=\"30 Responsive Webdesign Beispiele\">https:\/\/wolkenhart.com\/webdesignblog\/responsive-webdesign-beispiele<\/a><br \/>\nWebdesign Inspiration: <a href=\"https:\/\/wolkenhart.com\/webdesignblog\/webdesign-inspiration\" title=\"Webdesign Inspiration\">https:\/\/wolkenhart.com\/webdesignblog\/webdesign-inspiration<\/a><br \/>\nResponsive Design f\u00fcr WordPress: 25 top Gratis-Themes: <a href=\"https:\/\/wolkenhart.com\/webdesignblog\/responsive-design\" title=\"Responsive Design f\u00fcr WordPress: 25 top Gratis-Themes\">https:\/\/wolkenhart.com\/webdesignblog\/responsive-design<\/a><br \/>\nDie 20 erfolgreichsten und besten Internetseiten im World Wide Web: <a href=\"https:\/\/wolkenhart.com\/webdesignblog\/besten-internetseiten\" title=\"Die 20 erfolgreichsten und besten Internetseiten im World Wide Web\">https:\/\/wolkenhart.com\/webdesignblog\/besten-internetseiten<\/a> <\/p>\n<h3>Entwicklung und Besucherzahlen<\/h3>\n<p>Im Schnitt haben ca. 150 Besucher am Tag das Webtalk Blog besucht. Auf der unteren Grafiken k\u00f6nnt ihr ablesen, dass es in diesem ersten Jahr etwa 76.000 Seitenaufrufe gab. Die Besucher haben sich im Schnitt 2 Seiten angesehen und sind ca. 3:41 Minuten auf dem Blog geblieben.<\/p>\n<p><img loading=\"lazy\" decoding=\"async\" src=\"https:\/\/wolkenhart.com\/webdesignblog\/wp-content\/uploads\/2014\/06\/Zielgruppen\u00fcbersicht.jpg\" alt=\"Zielgruppen\u00fcbersicht\" width=\"800\" height=\"391\" class=\"alignleft size-full wp-image-2898\" srcset=\"https:\/\/wolkenhart.com\/webdesignblog\/wp-content\/uploads\/2014\/06\/Zielgruppen\u00fcbersicht.jpg 800w, https:\/\/wolkenhart.com\/webdesignblog\/wp-content\/uploads\/2014\/06\/Zielgruppen\u00fcbersicht-300x146.jpg 300w, https:\/\/wolkenhart.com\/webdesignblog\/wp-content\/uploads\/2014\/06\/Zielgruppen\u00fcbersicht-575x281.jpg 575w\" sizes=\"auto, (max-width: 800px) 100vw, 800px\" \/><\/p>\n<h4>Kommentare und SPAM<\/h4>\n<p>In diesem Jahr bekam ich 284 echte Kommentare und \u00fcber 15 000 Spam-Kommentare. Dank Antispam Bee konnte ich den Spam abwehren.<\/p>\n<h5>Die Motivation<\/h5>\n<p>Es macht mir sehr viel Spa\u00df hier zu schreiben. Das Posten der Beitr\u00e4ge entspannt mich und ich kommuniziere sehr gerne mit euch. Au\u00dferdem lerne ich sehr viel Neues dazu. Das kann ich dann in meiner Webdesign Agentur Wolkenhart und als Dozent an der Dualen Hochschule Baden-W\u00fcrttemberg einsetzen und weitergeben. Euer Feedback ist mir also sehr wichtig und interessiert mich immer, egal ob positiv oder negativ. Macht einfach weiter so!<\/p>\n<p>Die Auswertung vom K\u00e4uferportal, der Deutschlands Top-Blogs getestet hat, hat mich auch sehr gefreut. Hier wurden <a href=\"https:\/\/wolkenhart.com\/webdesignblog\/wp-content\/uploads\/2014\/06\/TopBlogs-Design.pdf\" title=\"Die besten Design- und Webdesign-Blogs\" target=\"_blank\">die besten Design- und Webdesign-Blogs<\/a> bewertet und der Webtalk-Blog ist auf dem 34 Platz gelandet, obwohl er der j\u00fcngste Blog ist.<\/p>\n<h6>Google und SEO<\/h6>\n<p>Mit den Begriffen \u201eWebdesign Blog\u201c findet man mich bei Google auf Platz 4 und mit \u201eWebdesign Inspiration\u201c auf dem 5. Platz. Des Weiteren gibt es noch \u00fcber 200 Top 10 Platzierungen.<\/p>\n<h6>Wie soll es weitergehen?<\/h6>\n<p>Wie bisher mit viel Spa\u00df. Ich hoffe, dass sich die Besucherzahlen und Kommentare weiter erh\u00f6hen. Selbstverst\u00e4ndlich wird die Aktion <a href=\"https:\/\/wolkenhart.com\/webdesignblog\/ausgezeichnete-kommentare-des-jahres-2013\" title=\"Ausgezeichnete Kommentare des Jahres\">\u201eAusgezeichnete Kommentare des Jahres\u201c<\/a> mit tollen Preisen weitergef\u00fchrt. Wie ihr seht, erstrahlt der Webtalk Blog inzwischen in einem <strong>neuem Design<\/strong>. Das Thema Werbung habe ich auch noch auf dem Zettel, aber nicht um reich zu werden sondern um die Kosten zu decken. Mir ist es einfach sehr wichtig, dass ihr hier Spa\u00df habt und f\u00fcr euch wertvolle Informationen im Webtalk Blog bekommt.<\/p>\n<p>Also Freunde der Nacht, ich freue mich auf ein weiteres Jahr mit euch, viel Spa\u00df und\u2026.<\/p>\n","protected":false},"excerpt":{"rendered":"<p>Der Webtalk Blog feiert seinen 1-j\u00e4hrigen Geburtstag oder er h\u00e4tte ihn feiern sollen. Leider habe ich den Termin am 15. Juni total verpasst. Es ist einfach unglaublich, wie schnell die Zeit vergeht. Hier seht ihr eine Zusammenfassung, was sich in diesem Jahr auf Webtalk Blog alles getan hat: Die Beitr\u00e4ge des Webtalk Blogs Es entstanden in diesem ersten Jahr 133 Beitr\u00e4ge in 24 Kategorien mit 147 Tags. Die beliebtesten Beitr\u00e4ge 30 Responsive Webdesign Beispiele: https:\/\/wolkenhart.com\/webdesignblog\/responsive-webdesign-beispiele Webdesign Inspiration: https:\/\/wolkenhart.com\/webdesignblog\/webdesign-inspiration Responsive Design f\u00fcr WordPress: 25 top Gratis-Themes: https:\/\/wolkenhart.com\/webdesignblog\/responsive-design Die 20 erfolgreichsten und besten Internetseiten im World Wide Web: https:\/\/wolkenhart.com\/webdesignblog\/besten-internetseiten Entwicklung und Besucherzahlen Im Schnitt haben ca. 150 Besucher am Tag das Webtalk Blog besucht. Auf der unteren Grafiken k\u00f6nnt ihr ablesen, dass es in diesem ersten Jahr etwa 76.000 Seitenaufrufe gab. Die Besucher haben sich im Schnitt 2 Seiten angesehen und sind ca. 3:41 Minuten auf dem Blog geblieben. Kommentare und SPAM In diesem Jahr bekam ich 284 echte Kommentare und \u00fcber 15 000 Spam-Kommentare. Dank Antispam Bee konnte ich den Spam abwehren. Die Motivation Es macht mir sehr viel Spa\u00df hier zu schreiben. Das Posten der Beitr\u00e4ge entspannt mich und ich kommuniziere sehr gerne mit euch. Au\u00dferdem lerne ich sehr viel Neues dazu. Das kann ich dann in meiner Webdesign Agentur Wolkenhart und als Dozent an der Dualen Hochschule Baden-W\u00fcrttemberg einsetzen und weitergeben. Euer Feedback ist mir also sehr wichtig und interessiert mich immer, egal ob positiv oder negativ. Macht einfach weiter so! Die Auswertung vom K\u00e4uferportal, der Deutschlands Top-Blogs getestet [&hellip;]<\/p>\n","protected":false},"author":1,"featured_media":2904,"comment_status":"open","ping_status":"open","sticky":false,"template":"","format":"standard","meta":{"footnotes":""},"categories":[4],"tags":[221],"class_list":["post-2892","post","type-post","status-publish","format-standard","has-post-thumbnail","hentry","category-webtalk","tag-jubilaeum"],"yoast_head":"<!-- This site is optimized with the Yoast SEO plugin v27.2 - https:\/\/yoast.com\/product\/yoast-seo-wordpress\/ -->\n<title>Webtalk Blog feiert 1-J\u00e4hriges<\/title>\n<meta name=\"description\" content=\"Der Webtalk Blog feiert seinen 1-j\u00e4hrigen Geburtstag oder er h\u00e4tte ihn feiern sollen. Leider habe ich den Termin am 15. Juni total verpasst.\" \/>\n<meta name=\"robots\" content=\"index, follow, max-snippet:-1, max-image-preview:large, max-video-preview:-1\" \/>\n<link rel=\"canonical\" href=\"https:\/\/wolkenhart.com\/webdesignblog\/webtalk-blog-feiert-1-jaehriges\" \/>\n<meta property=\"og:locale\" content=\"de_DE\" \/>\n<meta property=\"og:type\" content=\"article\" \/>\n<meta property=\"og:title\" content=\"Webtalk Blog feiert 1-J\u00e4hriges\" \/>\n<meta property=\"og:description\" content=\"Der Webtalk Blog feiert seinen 1-j\u00e4hrigen Geburtstag oder er h\u00e4tte ihn feiern sollen. Leider habe ich den Termin am 15. Juni total verpasst.\" \/>\n<meta property=\"og:url\" content=\"https:\/\/wolkenhart.com\/webdesignblog\/webtalk-blog-feiert-1-jaehriges\" \/>\n<meta property=\"article:publisher\" content=\"https:\/\/www.facebook.com\/wolkenhart\" \/>\n<meta property=\"article:published_time\" content=\"2014-07-01T02:31:15+00:00\" \/>\n<meta property=\"og:image\" content=\"https:\/\/wolkenhart.com\/webdesignblog\/wp-content\/uploads\/2014\/06\/Jubil\u00e4um.jpg\" \/>\n\t<meta property=\"og:image:width\" content=\"500\" \/>\n\t<meta property=\"og:image:height\" content=\"334\" \/>\n\t<meta property=\"og:image:type\" content=\"image\/jpeg\" \/>\n<meta name=\"author\" content=\"Mika Gustavson\" \/>\n<meta name=\"twitter:card\" content=\"summary_large_image\" \/>\n<meta name=\"twitter:creator\" content=\"@wolkenhart\" \/>\n<meta name=\"twitter:site\" content=\"@wolkenhart\" \/>\n<script type=\"application\/ld+json\" class=\"yoast-schema-graph\">{\"@context\":\"https:\/\/schema.org\",\"@graph\":[{\"@type\":\"Article\",\"@id\":\"https:\/\/wolkenhart.com\/webdesignblog\/webtalk-blog-feiert-1-jaehriges#article\",\"isPartOf\":{\"@id\":\"https:\/\/wolkenhart.com\/webdesignblog\/webtalk-blog-feiert-1-jaehriges\"},\"author\":{\"name\":\"Mika Gustavson\",\"@id\":\"https:\/\/wolkenhart.com\/webdesignblog\/#\/schema\/person\/44a7d02285c0fddf3198d98b5e792d1a\"},\"headline\":\"Webtalk Blog feiert 1-J\u00e4hriges\",\"datePublished\":\"2014-07-01T02:31:15+00:00\",\"mainEntityOfPage\":{\"@id\":\"https:\/\/wolkenhart.com\/webdesignblog\/webtalk-blog-feiert-1-jaehriges\"},\"wordCount\":432,\"commentCount\":4,\"image\":{\"@id\":\"https:\/\/wolkenhart.com\/webdesignblog\/webtalk-blog-feiert-1-jaehriges#primaryimage\"},\"thumbnailUrl\":\"https:\/\/wolkenhart.com\/webdesignblog\/wp-content\/uploads\/2014\/06\/Jubil\u00e4um.jpg\",\"keywords\":[\"Jubil\u00e4um\"],\"articleSection\":[\"Webtalk\"],\"inLanguage\":\"de\",\"potentialAction\":[{\"@type\":\"CommentAction\",\"name\":\"Comment\",\"target\":[\"https:\/\/wolkenhart.com\/webdesignblog\/webtalk-blog-feiert-1-jaehriges#respond\"]}]},{\"@type\":\"WebPage\",\"@id\":\"https:\/\/wolkenhart.com\/webdesignblog\/webtalk-blog-feiert-1-jaehriges\",\"url\":\"https:\/\/wolkenhart.com\/webdesignblog\/webtalk-blog-feiert-1-jaehriges\",\"name\":\"Webtalk Blog feiert 1-J\u00e4hriges\",\"isPartOf\":{\"@id\":\"https:\/\/wolkenhart.com\/webdesignblog\/#website\"},\"primaryImageOfPage\":{\"@id\":\"https:\/\/wolkenhart.com\/webdesignblog\/webtalk-blog-feiert-1-jaehriges#primaryimage\"},\"image\":{\"@id\":\"https:\/\/wolkenhart.com\/webdesignblog\/webtalk-blog-feiert-1-jaehriges#primaryimage\"},\"thumbnailUrl\":\"https:\/\/wolkenhart.com\/webdesignblog\/wp-content\/uploads\/2014\/06\/Jubil\u00e4um.jpg\",\"datePublished\":\"2014-07-01T02:31:15+00:00\",\"author\":{\"@id\":\"https:\/\/wolkenhart.com\/webdesignblog\/#\/schema\/person\/44a7d02285c0fddf3198d98b5e792d1a\"},\"description\":\"Der Webtalk Blog feiert seinen 1-j\u00e4hrigen Geburtstag oder er h\u00e4tte ihn feiern sollen. Leider habe ich den Termin am 15. Juni total verpasst.\",\"breadcrumb\":{\"@id\":\"https:\/\/wolkenhart.com\/webdesignblog\/webtalk-blog-feiert-1-jaehriges#breadcrumb\"},\"inLanguage\":\"de\",\"potentialAction\":[{\"@type\":\"ReadAction\",\"target\":[\"https:\/\/wolkenhart.com\/webdesignblog\/webtalk-blog-feiert-1-jaehriges\"]}]},{\"@type\":\"ImageObject\",\"inLanguage\":\"de\",\"@id\":\"https:\/\/wolkenhart.com\/webdesignblog\/webtalk-blog-feiert-1-jaehriges#primaryimage\",\"url\":\"https:\/\/wolkenhart.com\/webdesignblog\/wp-content\/uploads\/2014\/06\/Jubil\u00e4um.jpg\",\"contentUrl\":\"https:\/\/wolkenhart.com\/webdesignblog\/wp-content\/uploads\/2014\/06\/Jubil\u00e4um.jpg\",\"width\":500,\"height\":334,\"caption\":\"Jubil\u00e4um Webtalk\"},{\"@type\":\"BreadcrumbList\",\"@id\":\"https:\/\/wolkenhart.com\/webdesignblog\/webtalk-blog-feiert-1-jaehriges#breadcrumb\",\"itemListElement\":[{\"@type\":\"ListItem\",\"position\":1,\"name\":\"Start\",\"item\":\"https:\/\/wolkenhart.com\/webdesignblog\/\"},{\"@type\":\"ListItem\",\"position\":2,\"name\":\"Webtalk Blog feiert 1-J\u00e4hriges\"}]},{\"@type\":\"WebSite\",\"@id\":\"https:\/\/wolkenhart.com\/webdesignblog\/#website\",\"url\":\"https:\/\/wolkenhart.com\/webdesignblog\/\",\"name\":\"\",\"description\":\"\",\"potentialAction\":[{\"@type\":\"SearchAction\",\"target\":{\"@type\":\"EntryPoint\",\"urlTemplate\":\"https:\/\/wolkenhart.com\/webdesignblog\/?s={search_term_string}\"},\"query-input\":{\"@type\":\"PropertyValueSpecification\",\"valueRequired\":true,\"valueName\":\"search_term_string\"}}],\"inLanguage\":\"de\"},{\"@type\":\"Person\",\"@id\":\"https:\/\/wolkenhart.com\/webdesignblog\/#\/schema\/person\/44a7d02285c0fddf3198d98b5e792d1a\",\"name\":\"Mika Gustavson\",\"description\":\"Hi, ich bin Mika - WordPress-Enthusiast und Webworker aus Leidenschaft. Ich bin Inhaber der Webdesign Agentur \/ WordPress Agentur Wolkenhart\u00ae und freier Dozent an der Dualen Hochschule Baden-W\u00fcrttemberg.\",\"url\":\"https:\/\/wolkenhart.com\/webdesignblog\/author\/webtalk\"}]}<\/script>\n<!-- \/ Yoast SEO plugin. -->","yoast_head_json":{"title":"Webtalk Blog feiert 1-J\u00e4hriges","description":"Der Webtalk Blog feiert seinen 1-j\u00e4hrigen Geburtstag oder er h\u00e4tte ihn feiern sollen. Leider habe ich den Termin am 15. Juni total verpasst.","robots":{"index":"index","follow":"follow","max-snippet":"max-snippet:-1","max-image-preview":"max-image-preview:large","max-video-preview":"max-video-preview:-1"},"canonical":"https:\/\/wolkenhart.com\/webdesignblog\/webtalk-blog-feiert-1-jaehriges","og_locale":"de_DE","og_type":"article","og_title":"Webtalk Blog feiert 1-J\u00e4hriges","og_description":"Der Webtalk Blog feiert seinen 1-j\u00e4hrigen Geburtstag oder er h\u00e4tte ihn feiern sollen. Leider habe ich den Termin am 15. Juni total verpasst.","og_url":"https:\/\/wolkenhart.com\/webdesignblog\/webtalk-blog-feiert-1-jaehriges","article_publisher":"https:\/\/www.facebook.com\/wolkenhart","article_published_time":"2014-07-01T02:31:15+00:00","og_image":[{"width":500,"height":334,"url":"https:\/\/wolkenhart.com\/webdesignblog\/wp-content\/uploads\/2014\/06\/Jubil\u00e4um.jpg","type":"image\/jpeg"}],"author":"Mika Gustavson","twitter_card":"summary_large_image","twitter_creator":"@wolkenhart","twitter_site":"@wolkenhart","schema":{"@context":"https:\/\/schema.org","@graph":[{"@type":"Article","@id":"https:\/\/wolkenhart.com\/webdesignblog\/webtalk-blog-feiert-1-jaehriges#article","isPartOf":{"@id":"https:\/\/wolkenhart.com\/webdesignblog\/webtalk-blog-feiert-1-jaehriges"},"author":{"name":"Mika Gustavson","@id":"https:\/\/wolkenhart.com\/webdesignblog\/#\/schema\/person\/44a7d02285c0fddf3198d98b5e792d1a"},"headline":"Webtalk Blog feiert 1-J\u00e4hriges","datePublished":"2014-07-01T02:31:15+00:00","mainEntityOfPage":{"@id":"https:\/\/wolkenhart.com\/webdesignblog\/webtalk-blog-feiert-1-jaehriges"},"wordCount":432,"commentCount":4,"image":{"@id":"https:\/\/wolkenhart.com\/webdesignblog\/webtalk-blog-feiert-1-jaehriges#primaryimage"},"thumbnailUrl":"https:\/\/wolkenhart.com\/webdesignblog\/wp-content\/uploads\/2014\/06\/Jubil\u00e4um.jpg","keywords":["Jubil\u00e4um"],"articleSection":["Webtalk"],"inLanguage":"de","potentialAction":[{"@type":"CommentAction","name":"Comment","target":["https:\/\/wolkenhart.com\/webdesignblog\/webtalk-blog-feiert-1-jaehriges#respond"]}]},{"@type":"WebPage","@id":"https:\/\/wolkenhart.com\/webdesignblog\/webtalk-blog-feiert-1-jaehriges","url":"https:\/\/wolkenhart.com\/webdesignblog\/webtalk-blog-feiert-1-jaehriges","name":"Webtalk Blog feiert 1-J\u00e4hriges","isPartOf":{"@id":"https:\/\/wolkenhart.com\/webdesignblog\/#website"},"primaryImageOfPage":{"@id":"https:\/\/wolkenhart.com\/webdesignblog\/webtalk-blog-feiert-1-jaehriges#primaryimage"},"image":{"@id":"https:\/\/wolkenhart.com\/webdesignblog\/webtalk-blog-feiert-1-jaehriges#primaryimage"},"thumbnailUrl":"https:\/\/wolkenhart.com\/webdesignblog\/wp-content\/uploads\/2014\/06\/Jubil\u00e4um.jpg","datePublished":"2014-07-01T02:31:15+00:00","author":{"@id":"https:\/\/wolkenhart.com\/webdesignblog\/#\/schema\/person\/44a7d02285c0fddf3198d98b5e792d1a"},"description":"Der Webtalk Blog feiert seinen 1-j\u00e4hrigen Geburtstag oder er h\u00e4tte ihn feiern sollen. Leider habe ich den Termin am 15. Juni total verpasst.","breadcrumb":{"@id":"https:\/\/wolkenhart.com\/webdesignblog\/webtalk-blog-feiert-1-jaehriges#breadcrumb"},"inLanguage":"de","potentialAction":[{"@type":"ReadAction","target":["https:\/\/wolkenhart.com\/webdesignblog\/webtalk-blog-feiert-1-jaehriges"]}]},{"@type":"ImageObject","inLanguage":"de","@id":"https:\/\/wolkenhart.com\/webdesignblog\/webtalk-blog-feiert-1-jaehriges#primaryimage","url":"https:\/\/wolkenhart.com\/webdesignblog\/wp-content\/uploads\/2014\/06\/Jubil\u00e4um.jpg","contentUrl":"https:\/\/wolkenhart.com\/webdesignblog\/wp-content\/uploads\/2014\/06\/Jubil\u00e4um.jpg","width":500,"height":334,"caption":"Jubil\u00e4um Webtalk"},{"@type":"BreadcrumbList","@id":"https:\/\/wolkenhart.com\/webdesignblog\/webtalk-blog-feiert-1-jaehriges#breadcrumb","itemListElement":[{"@type":"ListItem","position":1,"name":"Start","item":"https:\/\/wolkenhart.com\/webdesignblog\/"},{"@type":"ListItem","position":2,"name":"Webtalk Blog feiert 1-J\u00e4hriges"}]},{"@type":"WebSite","@id":"https:\/\/wolkenhart.com\/webdesignblog\/#website","url":"https:\/\/wolkenhart.com\/webdesignblog\/","name":"","description":"","potentialAction":[{"@type":"SearchAction","target":{"@type":"EntryPoint","urlTemplate":"https:\/\/wolkenhart.com\/webdesignblog\/?s={search_term_string}"},"query-input":{"@type":"PropertyValueSpecification","valueRequired":true,"valueName":"search_term_string"}}],"inLanguage":"de"},{"@type":"Person","@id":"https:\/\/wolkenhart.com\/webdesignblog\/#\/schema\/person\/44a7d02285c0fddf3198d98b5e792d1a","name":"Mika Gustavson","description":"Hi, ich bin Mika - WordPress-Enthusiast und Webworker aus Leidenschaft. Ich bin Inhaber der Webdesign Agentur \/ WordPress Agentur Wolkenhart\u00ae und freier Dozent an der Dualen Hochschule Baden-W\u00fcrttemberg.","url":"https:\/\/wolkenhart.com\/webdesignblog\/author\/webtalk"}]}},"_links":{"self":[{"href":"https:\/\/wolkenhart.com\/webdesignblog\/wp-json\/wp\/v2\/posts\/2892","targetHints":{"allow":["GET"]}}],"collection":[{"href":"https:\/\/wolkenhart.com\/webdesignblog\/wp-json\/wp\/v2\/posts"}],"about":[{"href":"https:\/\/wolkenhart.com\/webdesignblog\/wp-json\/wp\/v2\/types\/post"}],"author":[{"embeddable":true,"href":"https:\/\/wolkenhart.com\/webdesignblog\/wp-json\/wp\/v2\/users\/1"}],"replies":[{"embeddable":true,"href":"https:\/\/wolkenhart.com\/webdesignblog\/wp-json\/wp\/v2\/comments?post=2892"}],"version-history":[{"count":0,"href":"https:\/\/wolkenhart.com\/webdesignblog\/wp-json\/wp\/v2\/posts\/2892\/revisions"}],"wp:featuredmedia":[{"embeddable":true,"href":"https:\/\/wolkenhart.com\/webdesignblog\/wp-json\/wp\/v2\/media\/2904"}],"wp:attachment":[{"href":"https:\/\/wolkenhart.com\/webdesignblog\/wp-json\/wp\/v2\/media?parent=2892"}],"wp:term":[{"taxonomy":"category","embeddable":true,"href":"https:\/\/wolkenhart.com\/webdesignblog\/wp-json\/wp\/v2\/categories?post=2892"},{"taxonomy":"post_tag","embeddable":true,"href":"https:\/\/wolkenhart.com\/webdesignblog\/wp-json\/wp\/v2\/tags?post=2892"}],"curies":[{"name":"wp","href":"https:\/\/api.w.org\/{rel}","templated":true}]}}